{"id":2381,"date":"2023-10-17T10:00:00","date_gmt":"2023-10-17T10:00:00","guid":{"rendered":"https:\/\/tybou.eu\/wordpress\/fa\/?p=2381"},"modified":"2023-12-21T21:21:30","modified_gmt":"2023-12-21T21:21:30","slug":"interpellation-au-conseil-communal","status":"publish","type":"post","link":"https:\/\/tybou.eu\/wordpress\/fa\/2023\/10\/17\/interpellation-au-conseil-communal\/","title":{"rendered":"Interpellation au conseil communal"},"content":{"rendered":"\n<p>Voici la r\u00e9ponse apport\u00e9e \u00e0 l\u2019interpellation concernant les frelons asiatiques abord\u00e9e lors du Conseil Communal du mardi 17 octobre 2023.<\/p>\n\n\n\n<p><strong>Interpellation au Conseil communal<\/strong><\/p>\n\n\n\n<figure class=\"wp-block-table\"><table><tbody><tr><td>Nom et pr\u00e9nom du\/des Conseiller(s) communal(aux) interpellant(s)&nbsp;:<\/td><td>Anne-Charlotte d\u2019Ursel &nbsp;<\/td><\/tr><tr><td>Date d\u2019envoi :<\/td><td>14 septembre 2023<\/td><\/tr><tr><td>Date du Conseil communal&nbsp;:<\/td><td>17 octobre 2023<\/td><\/tr><\/tbody><\/table><\/figure>\n\n\n\n<p><strong><u>Titre de l\u2019interpellation<\/u><\/strong><strong> <\/strong>: Frelons asiatiques<\/p>\n\n\n\n<p><strong><u>Interpellation<\/u><\/strong>&nbsp;:<\/p>\n\n\n\n<ol class=\"wp-block-list\" type=\"A\">\n<li>Expos\u00e9<\/li>\n<\/ol>\n\n\n\n<p>Un article du Vif cet \u00e9t\u00e9 faisait le point sur un ph\u00e9nom\u00e8ne sur lequel travaille activement un groupe de passionn\u00e9s de Woluwe-Saint-Pierre. \u00ab\u00a0En moins de dix ans, les frelons asiatiques ont envahi la Wallonie et Bruxelles. Souvent nich\u00e9s \u00e0 proximit\u00e9 de l\u2019activit\u00e9 humaine, ils peuvent se montrer agressifs pour prot\u00e9ger leurs nids. Mais surtout, ils sont catastrophiques pour les abeilles.<\/p>\n\n\n\n<p>C\u2019est une v\u00e9ritable invasion : en moins d\u2019une dizaine d\u2019ann\u00e9es, le frelon asiatique s\u2019est r\u00e9pandu comme une tra\u00een\u00e9e de poudre.<\/p>\n\n\n\n<p>Tout \u00e7a \u00e0 cause de\u2026 poteries chinoises qui, en \u00e9tant import\u00e9es en Europe, auraient accidentellement amen\u00e9 celui qui est aussi appel\u00e9 Vespa Velutina dans nos contr\u00e9es. Le premier nid europ\u00e9en de frelons asiatiques a \u00e9t\u00e9 d\u00e9tect\u00e9 en 2004, \u00e0 Bordeaux. Tr\u00e8s rapidement, l\u2019esp\u00e8ce a colonis\u00e9 le reste de la France, le nord de l\u2019Espagne et de l\u2019Italie. En Belgique, le premier nid est d\u00e9couvert en&nbsp;2016 en Wallonie, pr\u00e8s de Tournai, puis en 2018 \u00e0 Bruxelles. A une vitesse effarante. Son taux de multiplication est&nbsp;explosif&nbsp;(200 \u00e0 1000 femelles reproductrices \u2013 appel\u00e9es fondatrices \u2013 par nid), et sa&nbsp;dispersion rapide&nbsp;(une centaine de kilom\u00e8tres par an). D\u2019autant que, \u00ab&nbsp;mis \u00e0 part l\u2019humain, le frelon asiatique n\u2019a&nbsp;pas d\u2019ennemis naturels&nbsp;pour limiter son expansion&nbsp;\u00bb. Seul le&nbsp;climat&nbsp;est un facteur limitant.&nbsp;<\/p>\n\n\n\n<p>Pas plus dangereux qu&rsquo;une gu\u00eape, il repr\u00e9sente&nbsp;un v\u00e9ritable&nbsp;danger pour la biodiversit\u00e9. Car son mets de pr\u00e9dilection, ce sont les abeilles, qui repr\u00e9sentent deux tiers de son alimentation. C\u2019est pour cette raison qu\u2019il se pla\u00eet particuli\u00e8rement&nbsp;en milieux urbains&nbsp;: les ruches sont \u00e0 port\u00e9e d\u2019ailes, et il y trouve \u00e9galement assez d\u2019eau et de fibres v\u00e9g\u00e9tales pour construire son nid.&nbsp;Les apiculteurs ont d\u00e9clar\u00e9 la guerre aux frelons asiatiques, consid\u00e9r\u00e9s par l\u2019Union europ\u00e9enne comme \u00ab&nbsp;invasifs&nbsp;\u00bb.<\/p>\n\n\n\n<p>\u00c0 force d\u2019\u00eatre attaqu\u00e9es, les abeilles entrent en&nbsp;\u00e9tat de stress. Elles pr\u00e9f\u00e8rent rester en s\u00e9curit\u00e9 dans leur ruche et ne sortent plus. La nourriture ne rentre plus et la reine arr\u00eate sa ponte&nbsp;\u00bb.&nbsp;<\/p>\n\n\n\n<p>Pour essayer tant bien que mal de pallier ce probl\u00e8me, les apiculteurs investissent dans la protection des ruches.&nbsp;Notamment avec l\u2019utilisation de&nbsp;museli\u00e8re&nbsp;et de&nbsp;harpes \u00e9lectriques. \u00ab&nbsp;On a quelques aides timides, comme le pr\u00eat de mat\u00e9riel pour d\u00e9truire les nids. Mais certains apiculteurs se demandent s\u2019ils vont continuer. Si vraiment l\u2019investissement en vaut la peine&nbsp;\u00bb.&nbsp;La pr\u00e9sence d\u2019un frelon asiatique ou d\u2019un nid doit \u00eatre signal\u00e9e&nbsp;pour une prise en charge rapide.<\/p>\n\n\n\n<ul class=\"wp-block-list\">\n<li>Questions pos\u00e9es au Coll\u00e8ge des Bourgmestre et Echevins<\/li>\n<\/ul>\n\n\n\n<ul class=\"wp-block-list\">\n<li>Existe-t-il \u00e0 l&rsquo;\u00e9chelle r\u00e9gionale et communale d&rsquo;une banque de donn\u00e9es concernant la pr\u00e9sence de frelons asiatiques sur notre territoire (nombre, accidents et d\u00e9g\u00e2ts caus\u00e9s sur les abeilles) ?&nbsp;<\/li>\n\n\n\n<li>Que propose Bruxelles Environnement comme modus operandi face \u00e0 ce ph\u00e9nom\u00e8ne ?<\/li>\n\n\n\n<li>Ne serait-il pas int\u00e9ressant de participer \u00e0 sa capture ? Si oui, comment ?<\/li>\n<\/ul>\n\n\n\n<p>Plusieurs techniques existent pour y faire face notamment l&rsquo;enl\u00e8vement par les pompiers ou le placement de pi\u00e8ges.&nbsp;<\/p>\n\n\n\n<ul class=\"wp-block-list\">\n<li>Comment la commune compte-elle l&rsquo;an prochain d\u00e8s le d\u00e9but de la saison (mai) soutenir les associations, sensibiliser les habitants, les faire participer pour tenter de r\u00e9duire l&rsquo;expansion de cette esp\u00e8ce invasive ?<\/li>\n<\/ul>\n\n\n\n<ul class=\"wp-block-list\">\n<li>R\u00e9ponse de Caroline Lhoir, \u00e9chevine de l\u2019Environnement<\/li>\n<\/ul>\n\n\n\n<p>Depuis le report de votre question lors du dernier conseil, j\u2019\u00e9tais impatiente de pouvoir y r\u00e9pondre, et je sais que beaucoup de personnes qui suivent activement cette question.<\/p>\n\n\n\n<p>Je tiens tout d&rsquo;abord \u00e0 <strong>vous remercier<\/strong> pour votre pr\u00e9occupation concernant la prise en charge des frelons asiatiques dans notre commune. Nous sommes bien conscients du ph\u00e9nom\u00e8ne et vu leur impact sur notre \u00e9cosyst\u00e8me, c\u2019est m\u00eame un r\u00e9el <strong>enjeu \u00e9conomique, \u00e9cologique et de sant\u00e9 publique<\/strong> que de d\u00e9ployer des efforts pour <strong>limiter<\/strong> au maximum le d\u00e9veloppement des frelons&nbsp;asiatiques, esp\u00e8ce invasive, chez nous.<\/p>\n\n\n\n<p>Cet insecte n\u2019a en effet pas de pr\u00e9dateur connu \u00e0 ce jour \u00e0 part l\u2019humain et notamment le fameux groupe \u00ab&nbsp;vespa hunter 1150&nbsp;\u00bb qu\u2019on salue. Il <strong>nuit \u00e0 notre biodiversit\u00e9<\/strong> puisqu\u2019il se nourrit essentiellement d\u2019abeilles (2\/3) mais aussi d\u2019autres insectes. Ce qui provoque un d\u00e9s\u00e9quilibre important des chaines alimentaires et s\u2019av\u00e8re probl\u00e9matique pour les oiseaux, chauves-souris et petits insectivores.<\/p>\n\n\n\n<p>Il est donc urgent de <strong>restreindre la reproduction et la propagation exponentielle<\/strong> des frelons asiatiques et nous devons unir nos forces pour \u00e9laborer des strat\u00e9gies efficaces de gestion de cette esp\u00e8ce invasive, \u00e0 Woluwe-St-Pierre et partout ailleurs, tout en pr\u00e9servant l\u2019environnement naturel.<\/p>\n\n\n\n<p>J&rsquo;ai eu <strong>le plaisir de rencontrer en septembre quelques membres d\u2019un groupe local de citoyens de notre commune, les \u00ab&nbsp;Vespa Hunter 1150&nbsp;\u00bb,<\/strong> \u2013 que certains d\u2019entre vous connaissent aussi je pense. Ceux-ci s&rsquo;investissent activement dans la lutte contre les frelons asiatiques. J\u2019ai \u00e9galement pu suivre la pr\u00e9sentation qu\u2019ils faisaient aupr\u00e8s du Cercle horticole de Woluwe-Saint-Pierre, ce dimanche, \u00e0 l\u2019\u00e9cole de Stockel. Tr\u00e8s organis\u00e9s, tant au niveau de la m\u00e9thode que de leur communication, ils sont des alli\u00e9s pr\u00e9cieux gr\u00e2ce \u00e0 leur exp\u00e9rience, leurs outils, leur expertise acquise et\u2026 leur enthousiasme.<\/p>\n\n\n\n<p>Ce groupe local collecte des donn\u00e9es pr\u00e9cises sur le territoire de Woluwe-Saint-Pierre \u2013 un r\u00e9el travail de fourmi, si j\u2019ose dire \u2013&nbsp;&nbsp; et m\u2019a transmis les donn\u00e9es chiffr\u00e9es les plus r\u00e9centes (couvrant la p\u00e9riode entre le 5 mai 2023 et aujourd\u2019hui).<\/p>\n\n\n\n<ul class=\"wp-block-list\">\n<li><strong>71 nids trouv\u00e9s \u00e0 WSP (primaires et secondaires)&nbsp;; <\/strong><strong><\/strong><\/li>\n<\/ul>\n\n\n\n<p>&#8211; &nbsp;&nbsp;&nbsp;&nbsp;&nbsp;36 nids primaires&nbsp;trouv\u00e9s dans toiture, corniches, chiens-assis, vide ventil\u00e9, volets, cabanes de jardin, haies\u2026&nbsp;;<\/p>\n\n\n\n<p>&nbsp;dont 3 incidents signal\u00e9s pour nids situ\u00e9s \u00e0 hauteur d\u2019homme (danger lors des tailles)&nbsp;;<\/p>\n\n\n\n<p>&#8211; &nbsp;&nbsp;&nbsp;&nbsp;&nbsp;30 nids secondaires&nbsp;situ\u00e9s en hauteur dans les arbres entre 18m et 31m&nbsp;;<\/p>\n\n\n\n<p>dont 1 nid difficile \u00e0 atteindre par les pompiers, pas suffisamment \u00e9quip\u00e9s.<\/p>\n\n\n\n<p>&#8211;&nbsp;&nbsp;&nbsp;&nbsp; 5 cas \u00ab&nbsp;incertains&nbsp;\u00bb, c\u2019est-\u00e0-dire non suivis par les Vespa Hunter, mais pris en charge par les pompiers.<\/p>\n\n\n\n<p>D\u2019autres acteurs institutionnels sont impliqu\u00e9s, comme la SRABE au niveau r\u00e9gional, Bruxelles Environnement et le SIAMU. Bruxelles Environnement travaille avec l\u2019asbl Apis Bruoc Sella. Toute une s\u00e9rie de donn\u00e9es sont centralis\u00e9es via la plateforme&nbsp;<em>Observations.be <\/em>cr\u00e9\u00e9e entre autres par Natagora et Natuurpunt. Ces donn\u00e9es sont accessibles \u00e0 toutes et \u00e0 tous&nbsp;; chaque personne qui le souhaite peut y encoder les r\u00e9sultats de ses observations naturalistes en Belgique. Vous pourrez y voir par exemple toutes les observations de frelons asiatiques, ou de nids, qui \u00e9t\u00e9 encod\u00e9es sur le site pour le territoire de Woluwe-Saint-Pierre.<\/p>\n\n\n\n<p>Les <strong>consignes de Bruxelles Environnement sont claires :<\/strong><\/p>\n\n\n\n<ul class=\"wp-block-list\">\n<li>Encoder les observations d\u2019individus et de nids sur le site <em>Observations.be<\/em>&nbsp;;<\/li>\n\n\n\n<li>Et signaler imm\u00e9diatement les nids &#8211; m\u00eame suspect\u00e9s \u2013 <strong>aux pompiers, qui disposent d&rsquo;une \u00e9quipe sp\u00e9cialis\u00e9e et de 40 collaborateurs externes form\u00e9es et \u00e9quip\u00e9es pour intervenir<\/strong>&nbsp;;<\/li>\n\n\n\n<li><strong>Une page est d\u00e9di\u00e9e \u00e0 ce sujet sur le site internet de Bruxelles Environnement.<\/strong><\/li>\n<\/ul>\n\n\n\n<p>De mani\u00e8re g\u00e9n\u00e9rale, Bruxelles Environnement et les pompiers d\u00e9conseillent vivement aux citoyens de d\u00e9truire eux-m\u00eames les nids, pour \u00e9viter de se mettre en danger. Les personnes habilit\u00e9es \u00e0 d\u00e9truire les nids doivent \u00eatre form\u00e9es et \u00e9quip\u00e9es. Cela ne s\u2019improvise pas.<\/p>\n\n\n\n<p>J\u2019aimerais en profiter pour insister, comme vous, sur l\u2019importance <strong>d\u2019agir au plus vite<\/strong> avant que cela ne devienne tout \u00e0 fait ing\u00e9rable tant du point de vue de la biodiversit\u00e9, que des co\u00fbts pour la collectivit\u00e9.<\/p>\n\n\n\n<p>A ce jour, un <strong>projet \u00ab&nbsp;pilote<\/strong>&nbsp;\u00bb est en pr\u00e9paration pour \u00e9valuer l\u2019\u00e9volution de la propagation et tester sur un territoire de Woluwe-Saint-Pierre une approche strat\u00e9gique, organis\u00e9e et efficiente \u00e0 adopter pour limiter au maximum le d\u00e9veloppement de l\u2019esp\u00e8ce. Un soutien communal devrait pouvoir \u00eatre apport\u00e9 via le subside en faveur d\u2019initiatives citoyennes de d\u00e9veloppement durable&nbsp;; ainsi qu\u2019un appui en termes de communication.&nbsp;<\/p>\n\n\n\n<p><strong>Concr\u00e8tement<\/strong>, au fil des saisons, il s\u2019agit surtout de&nbsp;:<\/p>\n\n\n\n<ul class=\"wp-block-list\">\n<li>De mars \u2013 avril \u2013 mai\u00a0(p\u00e9riode \u00e0 laquelle seules les fondatrices sont pr\u00e9sentes dans l\u2019environnement)\n<ul class=\"wp-block-list\">\n<li>Organiser un <strong>pi\u00e9geage s\u00e9lectif<\/strong> avec relev\u00e9 des pi\u00e8ges <strong>tous les jours<\/strong>, pour \u00e9liminer ces fondatrices de l\u2019environnement. Ce sont elles qui \u00e9laborent les nids dits primaires. (<strong>maillage<\/strong> tous les 200m \/ 100 pi\u00e8ges pour 4km2 \/ \u00e9quipe de 10 personnes)<\/li>\n<\/ul>\n<\/li>\n\n\n\n<li>De juin \u00e0 juillet,<ul><li>rep\u00e9rer les frelons asiatiques dans les quartiers\/jardins, notamment au moyen <strong>d\u2019app\u00e2ts sucr\u00e9s<\/strong>&nbsp;;<\/li><\/ul><ul><li>les \u00ab&nbsp;<strong>pister<\/strong>&nbsp;\u00bb, les \u00ab&nbsp;chronom\u00e9trer&nbsp;\u00bb, les \u00ab&nbsp;traquer&nbsp;\u00bb pour trouver leurs nids primaires ;<\/li><\/ul>\n<ul class=\"wp-block-list\">\n<li>Les supprimer et <strong>d\u00e9truire un maximum de nids&nbsp;primaires<\/strong> ;<\/li>\n<\/ul>\n<\/li>\n\n\n\n<li>En ao\u00fbt \u2013 septembre \u2013 octobre \u2013 novembre&nbsp;: poursuivre la technique des app\u00e2ts<\/li>\n<\/ul>\n\n\n\n<p>Les <strong>app\u00e2ts<\/strong> plac\u00e9s dans les rues par le groupe local, que certains d\u2019entre vous ont peut-\u00eatre d\u00e9j\u00e0 aper\u00e7us, contribuent \u00e0 la sensibilisation citoyenne et ont d\u00e9j\u00e0 suscit\u00e9 beaucoup d\u2019int\u00e9r\u00eat de la part des passants, qui sont r\u00e9ceptifs et souvent enclins \u00e0 collaborer.<\/p>\n\n\n\n<p>D\u2019ores et d\u00e9j\u00e0, vous pouvez d\u00e9j\u00e0 suivre le groupe que j\u2019ai mentionn\u00e9 plusieurs fois, notamment sur FaceBook, il s\u2019intitule <strong>VESPA HUNTER 1150<\/strong> et les personnes actives y d\u00e9taillent les actions sur la commune.&nbsp;Il existe aussi un groupe dit <strong>\u00ab&nbsp;groupe F<\/strong>&nbsp;\u00bb, constitu\u00e9 entre autres de personnes de la commune. Le groupe r\u00e9fl\u00e9chit aussi aux solutions \u00e0 adopter, organise des formations et fait d\u00e9j\u00e0 de la communication grand public. Vous les avez peut-\u00eatre rencontr\u00e9s \u00e0 la f\u00eate de l\u2019avenue de Tervueren au mois de mai dernier, par exemple.<\/p>\n\n\n\n<p>Les informations figureront tout prochainement sur le site communal, en collaboration avec \u00ab&nbsp;Vespa Hunter 1150&nbsp;\u00bb. Avant le printemps prochain, nous comptons amplifier la <strong>communication<\/strong> sur le sujet, notamment via le site web, le journal communal et la page Facebook de la commune.<\/p>\n\n\n\n<p>Je pense qu\u2019il sera essentiel de pouvoir soutenir les citoyens dans ce projet pilote, en prenant notre part de responsabilit\u00e9.<\/p>\n","protected":false},"excerpt":{"rendered":"<p>R\u00e9ponse \u00e0 l\u2019interpellation lors du conseil communal de Woluw\u00e9-Saint-Pierre du 17 octobre 2023.<\/p>\n","protected":false},"author":1,"featured_media":2383,"comment_status":"open","ping_status":"closed","sticky":false,"template":"","format":"standard","meta":{"footnotes":""},"categories":[49],"tags":[],"class_list":["post-2381","post","type-post","status-publish","format-standard","has-post-thumbnail","hentry","category-interpellation"],"_links":{"self":[{"href":"https:\/\/tybou.eu\/wordpress\/fa\/wp-json\/wp\/v2\/posts\/2381","targetHints":{"allow":["GET"]}}],"collection":[{"href":"https:\/\/tybou.eu\/wordpress\/fa\/wp-json\/wp\/v2\/posts"}],"about":[{"href":"https:\/\/tybou.eu\/wordpress\/fa\/wp-json\/wp\/v2\/types\/post"}],"author":[{"embeddable":true,"href":"https:\/\/tybou.eu\/wordpress\/fa\/wp-json\/wp\/v2\/users\/1"}],"replies":[{"embeddable":true,"href":"https:\/\/tybou.eu\/wordpress\/fa\/wp-json\/wp\/v2\/comments?post=2381"}],"version-history":[{"count":2,"href":"https:\/\/tybou.eu\/wordpress\/fa\/wp-json\/wp\/v2\/posts\/2381\/revisions"}],"predecessor-version":[{"id":2384,"href":"https:\/\/tybou.eu\/wordpress\/fa\/wp-json\/wp\/v2\/posts\/2381\/revisions\/2384"}],"wp:featuredmedia":[{"embeddable":true,"href":"https:\/\/tybou.eu\/wordpress\/fa\/wp-json\/wp\/v2\/media\/2383"}],"wp:attachment":[{"href":"https:\/\/tybou.eu\/wordpress\/fa\/wp-json\/wp\/v2\/media?parent=2381"}],"wp:term":[{"taxonomy":"category","embeddable":true,"href":"https:\/\/tybou.eu\/wordpress\/fa\/wp-json\/wp\/v2\/categories?post=2381"},{"taxonomy":"post_tag","embeddable":true,"href":"https:\/\/tybou.eu\/wordpress\/fa\/wp-json\/wp\/v2\/tags?post=2381"}],"curies":[{"name":"wp","href":"https:\/\/api.w.org\/{rel}","templated":true}]}}