{"id":2145,"date":"2023-09-11T20:48:10","date_gmt":"2023-09-11T20:48:10","guid":{"rendered":"https:\/\/tybou.eu\/wordpress\/fa\/?p=2145"},"modified":"2024-01-07T22:54:33","modified_gmt":"2024-01-07T22:54:33","slug":"actualite-du-site-web-de-la-commune-de-schaerbeek","status":"publish","type":"post","link":"https:\/\/tybou.eu\/wordpress\/fa\/2023\/09\/11\/actualite-du-site-web-de-la-commune-de-schaerbeek\/","title":{"rendered":"Actualit\u00e9 du site web de la commune de Schaerbeek"},"content":{"rendered":"\n<p>Article publi\u00e9 sur le site de la commune de Schaerbeek et intitul\u00e9 \u00ab\u00a0<em>Le frelon asiatique fait beaucoup parler de lui ces derniers temps.<\/em>\u00ab\u00a0.<\/p>\n\n\n\n<figure class=\"wp-block-image size-full\"><img loading=\"lazy\" decoding=\"async\" width=\"831\" height=\"898\" src=\"https:\/\/tybou.eu\/wordpress\/fa\/wp-content\/uploads\/sites\/9\/2023\/10\/image-1.png\" alt=\"\" class=\"wp-image-2148\" srcset=\"https:\/\/tybou.eu\/wordpress\/fa\/wp-content\/uploads\/sites\/9\/2023\/10\/image-1.png 831w, https:\/\/tybou.eu\/wordpress\/fa\/wp-content\/uploads\/sites\/9\/2023\/10\/image-1-278x300.png 278w, https:\/\/tybou.eu\/wordpress\/fa\/wp-content\/uploads\/sites\/9\/2023\/10\/image-1-768x830.png 768w, https:\/\/tybou.eu\/wordpress\/fa\/wp-content\/uploads\/sites\/9\/2023\/10\/image-1-600x648.png 600w\" sizes=\"auto, (max-width: 831px) 100vw, 831px\" \/><\/figure>\n\n\n\n<figure class=\"wp-block-image size-full\"><img loading=\"lazy\" decoding=\"async\" width=\"597\" height=\"255\" src=\"https:\/\/tybou.eu\/wordpress\/fa\/wp-content\/uploads\/sites\/9\/2023\/10\/image-2.png\" alt=\"\" class=\"wp-image-2149\" srcset=\"https:\/\/tybou.eu\/wordpress\/fa\/wp-content\/uploads\/sites\/9\/2023\/10\/image-2.png 597w, https:\/\/tybou.eu\/wordpress\/fa\/wp-content\/uploads\/sites\/9\/2023\/10\/image-2-300x128.png 300w\" sizes=\"auto, (max-width: 597px) 100vw, 597px\" \/><\/figure>\n\n\n\n<p>Lien vers l&rsquo;article original : <a href=\"https:\/\/www.1030.be\/fr\/news\/le-frelon-asiatique-fait-beaucoup-parler-de-lui-ces-derniers-temps\">https:\/\/www.1030.be\/fr\/news\/le-frelon-asiatique-fait-beaucoup-parler-de-lui-ces-derniers-temps<\/a><\/p>\n\n\n\n<p>Le mat\u00e9riel n\u00e9cessaire \u00e0 la capture s\u00e9lective du frelon asiatique d\u00e9velopp\u00e9 par le groupe F est acessible \u00e0 tous. Vous trouverez les derni\u00e8res innovations disponibles \u00e0 la vente dans <a href=\"https:\/\/tybou.eu\/boutiquefa\">la boutique ici<\/a>.<\/p>\n\n\n\n<p><em><sub>Cr\u00e9dit photos : L&rsquo;image (logo) mis en avant pour ce post a \u00e9t\u00e9 repris du site web officiel de la commune de Schaerbeek.<\/sub><\/em><\/p>\n","protected":false},"excerpt":{"rendered":"<p>Publication extraite du site web de la commune.<\/p>\n","protected":false},"author":1,"featured_media":2146,"comment_status":"open","ping_status":"closed","sticky":false,"template":"","format":"standard","meta":{"footnotes":""},"categories":[20],"tags":[],"class_list":["post-2145","post","type-post","status-publish","format-standard","has-post-thumbnail","hentry","category-publications"],"_links":{"self":[{"href":"https:\/\/tybou.eu\/wordpress\/fa\/wp-json\/wp\/v2\/posts\/2145","targetHints":{"allow":["GET"]}}],"collection":[{"href":"https:\/\/tybou.eu\/wordpress\/fa\/wp-json\/wp\/v2\/posts"}],"about":[{"href":"https:\/\/tybou.eu\/wordpress\/fa\/wp-json\/wp\/v2\/types\/post"}],"author":[{"embeddable":true,"href":"https:\/\/tybou.eu\/wordpress\/fa\/wp-json\/wp\/v2\/users\/1"}],"replies":[{"embeddable":true,"href":"https:\/\/tybou.eu\/wordpress\/fa\/wp-json\/wp\/v2\/comments?post=2145"}],"version-history":[{"count":4,"href":"https:\/\/tybou.eu\/wordpress\/fa\/wp-json\/wp\/v2\/posts\/2145\/revisions"}],"predecessor-version":[{"id":2416,"href":"https:\/\/tybou.eu\/wordpress\/fa\/wp-json\/wp\/v2\/posts\/2145\/revisions\/2416"}],"wp:featuredmedia":[{"embeddable":true,"href":"https:\/\/tybou.eu\/wordpress\/fa\/wp-json\/wp\/v2\/media\/2146"}],"wp:attachment":[{"href":"https:\/\/tybou.eu\/wordpress\/fa\/wp-json\/wp\/v2\/media?parent=2145"}],"wp:term":[{"taxonomy":"category","embeddable":true,"href":"https:\/\/tybou.eu\/wordpress\/fa\/wp-json\/wp\/v2\/categories?post=2145"},{"taxonomy":"post_tag","embeddable":true,"href":"https:\/\/tybou.eu\/wordpress\/fa\/wp-json\/wp\/v2\/tags?post=2145"}],"curies":[{"name":"wp","href":"https:\/\/api.w.org\/{rel}","templated":true}]}}